{"id":7133,"date":"2012-11-30T15:33:00","date_gmt":"2012-11-30T14:33:00","guid":{"rendered":"https:\/\/raduart.com\/?p=7133"},"modified":"2021-01-20T22:24:17","modified_gmt":"2021-01-20T21:24:17","slug":"expozitia-de-grup-artisti-din-ardeal-editia-ii","status":"publish","type":"post","link":"https:\/\/raduart.com\/ro\/expozitii\/expozitia-de-grup-artisti-din-ardeal-editia-ii\/","title":{"rendered":"Expozi\u021bia de grup \u201eArti\u0219ti din Ardeal\u201d, edi\u021bia II"},"content":{"rendered":"<div class=\"gb-container gb-container-af3b53dd\"><div class=\"gb-inside-container\">\n<div class=\"gb-grid-wrapper gb-grid-wrapper-10a64f12\">\n<div class=\"gb-grid-column gb-grid-column-253fa2bd\"><div class=\"gb-container gb-container-253fa2bd\"><div class=\"gb-inside-container\">\n\n<figure class=\"wp-block-image size-large\"><img decoding=\"async\" width=\"566\" height=\"800\" src=\"https:\/\/raduart.com\/wp-content\/uploads\/Kuenstler-aus-Siebenbuergen-Edition2-Galerie-Raduart-2012.jpg\" alt=\"Gruppenausstellung &quot;K\u00fcnstler aus Siebenb\u00fcrgen&quot; in der Galerie RADUART\" class=\"wp-image-754\" title=\"- | Galerie RADUART\" srcset=\"https:\/\/raduart.com\/wp-content\/uploads\/Kuenstler-aus-Siebenbuergen-Edition2-Galerie-Raduart-2012.jpg 566w, https:\/\/raduart.com\/wp-content\/uploads\/Kuenstler-aus-Siebenbuergen-Edition2-Galerie-Raduart-2012-400x565.jpg 400w, https:\/\/raduart.com\/wp-content\/uploads\/Kuenstler-aus-Siebenbuergen-Edition2-Galerie-Raduart-2012-212x300.jpg 212w\" sizes=\"(max-width: 566px) 100vw, 566px\" \/><\/figure>\n\n\n<div class=\"gb-container gb-container-c1c34bda\"><div class=\"gb-inside-container\">\n\n<p><strong>Vernisaj:<br><\/strong>30.11.2012, 18.30<\/p>\n\n\n\n<p><strong>Durata expozi\u021biei<\/strong>:<br>30.11.2012 &#8211; 11.01.2013<\/p>\n\n\n\n<p><strong>Cuv\u00e2nt de deschidere<\/strong>: Radu Maier<\/p>\n\n\n\n<p><strong>Ode de deschidere:\u00a0<\/strong><br>Mi und Fr: 14-17, Sa: 11-13 Uhr<\/p>\n\n\n\n<p><strong>Adresa noastr\u0103<\/strong>: <br>Galeria Raduart, Ledererstra\u00dfe 12, 82256 F\u00fcrstenfeldbruck<\/p>\n\n\n\n<p><strong>Informa\u021bii suplimentare<\/strong><br><a class=\"rank-math-link rank-math-link\" href=\"https:\/\/raduart.com\/ro\/contact\/\">Kontakt<\/a><\/p>\n\n<\/div><\/div>\n<\/div><\/div><\/div>\n\n<div class=\"gb-grid-column gb-grid-column-0f3c2ab4\"><div class=\"gb-container gb-container-0f3c2ab4\"><div class=\"gb-inside-container\">\n\n<p><strong>Das \u00fcberaus erfolgreiche Projekt &#8222;K\u00fcnstler aus Siebenb\u00fcrgen&#8221;, unter gro\u00dfem Medienecho initiiert 2010 von der Galerie Raduart, erreicht in diesem Jahr einen neuen H\u00f6hepunkt.<\/strong><\/p>\n\n\n\n<p>Sieben zeitgen\u00f6ssische K\u00fcnstler aus Siebenb\u00fcrgen zeigen in einer gemeinsamen Ausstellung Malerei, Grafik und Skulpturen.<\/p>\n\n\n\n<p>Was hat diesmal die siebenb\u00fcrgische Gruppe Neues zu bieten? Seit mindestens 40 Jahren wird experimentiert und entwickelt: Manchmal fotorealistisch, teils humorvoll-ironisch, unter dem Einsatz von sanft-zur\u00fcckhaltenden Farben oder elegant-abstrakten Illusionen.<\/p>\n\n\n\n<p>Die eindrucksvolle Vielfalt der ausgestellten Kunstwerke ist ein echter Beweis f\u00fcr die Diversit\u00e4t und Komplexit\u00e4t einer spannenden Welt von K\u00fcnstlern aus einem ehemals von Deutschland gepr\u00e4gten Kulturkreis.<\/p>\n\n\n\n<p>Die Ausstellung bietet die Gelegenheit einzigartige Farben, Formen, Kontraste und Reliefs im Original zu entdecken. Die Eindr\u00fccke und die Vielfalt der Ausstellung halten im Betrachter noch lange nach.<\/p>\n\n\n\n<p>Zu dem ausstellenden K\u00fcnstler geh\u00f6ren: Helmut von Arz, F\u0103nic\u0103 Balan, Carmen Eminger, Marianne Ganea, Iustinian Ghit\u0103, Radu Maier, Detlev von Steinburg.<\/p>\n\n<\/div><\/div><\/div>\n<\/div>\n<\/div><\/div>","protected":false},"excerpt":{"rendered":"","protected":false},"author":1,"featured_media":754,"comment_status":"closed","ping_status":"open","sticky":false,"template":"","format":"standard","meta":{"_acf_changed":false,"pgc_sgb_lightbox_settings":"","footnotes":""},"categories":[30],"tags":[],"class_list":["post-7133","post","type-post","status-publish","format-standard","has-post-thumbnail","hentry","category-expozitii","infinite-scroll-item","masonry-post","generate-columns","tablet-grid-50","mobile-grid-100","grid-parent","grid-33"],"acf":[],"_links":{"self":[{"href":"https:\/\/raduart.com\/ro\/wp-json\/wp\/v2\/posts\/7133","targetHints":{"allow":["GET"]}}],"collection":[{"href":"https:\/\/raduart.com\/ro\/wp-json\/wp\/v2\/posts"}],"about":[{"href":"https:\/\/raduart.com\/ro\/wp-json\/wp\/v2\/types\/post"}],"author":[{"embeddable":true,"href":"https:\/\/raduart.com\/ro\/wp-json\/wp\/v2\/users\/1"}],"replies":[{"embeddable":true,"href":"https:\/\/raduart.com\/ro\/wp-json\/wp\/v2\/comments?post=7133"}],"version-history":[{"count":0,"href":"https:\/\/raduart.com\/ro\/wp-json\/wp\/v2\/posts\/7133\/revisions"}],"wp:featuredmedia":[{"embeddable":true,"href":"https:\/\/raduart.com\/ro\/wp-json\/wp\/v2\/media\/754"}],"wp:attachment":[{"href":"https:\/\/raduart.com\/ro\/wp-json\/wp\/v2\/media?parent=7133"}],"wp:term":[{"taxonomy":"category","embeddable":true,"href":"https:\/\/raduart.com\/ro\/wp-json\/wp\/v2\/categories?post=7133"},{"taxonomy":"post_tag","embeddable":true,"href":"https:\/\/raduart.com\/ro\/wp-json\/wp\/v2\/tags?post=7133"}],"curies":[{"name":"wp","href":"https:\/\/api.w.org\/{rel}","templated":true}]}}