{"id":7125,"date":"2011-12-02T10:00:00","date_gmt":"2011-12-02T09:00:00","guid":{"rendered":"https:\/\/raduart.com\/?p=7125"},"modified":"2021-01-05T15:19:51","modified_gmt":"2021-01-05T14:19:51","slug":"expozitie-de-grup-lasati-florile-sa-vorbeasca","status":"publish","type":"post","link":"https:\/\/raduart.com\/ro\/expozitii\/expozitie-de-grup-lasati-florile-sa-vorbeasca\/","title":{"rendered":"Expozi\u021bie de grup &#8222;L\u0103sa\u021bi florile s\u0103 vorbeasc\u0103!&#8221;"},"content":{"rendered":"<div class=\"gb-container gb-container-1aba7fec\"><div class=\"gb-inside-container\">\n<div class=\"gb-grid-wrapper gb-grid-wrapper-2fadf422\">\n<div class=\"gb-grid-column gb-grid-column-8df3bd31\"><div class=\"gb-container gb-container-8df3bd31\"><div class=\"gb-inside-container\">\n\n<figure class=\"wp-block-image size-large\"><img decoding=\"async\" width=\"566\" height=\"800\" src=\"https:\/\/raduart.com\/wp-content\/uploads\/Gruppenausstellung-Laesst-Blumen-sprechen-Galerie-Raduart-2012.jpg\" alt=\"Gruppenausstellung &quot;Galerie Raduart l\u00e4sst Blumen sprechen&quot;\" class=\"wp-image-750\" title=\"- | Galerie RADUART\" srcset=\"https:\/\/raduart.com\/wp-content\/uploads\/Gruppenausstellung-Laesst-Blumen-sprechen-Galerie-Raduart-2012.jpg 566w, https:\/\/raduart.com\/wp-content\/uploads\/Gruppenausstellung-Laesst-Blumen-sprechen-Galerie-Raduart-2012-400x565.jpg 400w, https:\/\/raduart.com\/wp-content\/uploads\/Gruppenausstellung-Laesst-Blumen-sprechen-Galerie-Raduart-2012-212x300.jpg 212w\" sizes=\"(max-width: 566px) 100vw, 566px\" \/><\/figure>\n\n\n<div class=\"gb-container gb-container-ea0749b9\"><div class=\"gb-inside-container\">\n\n<p><strong>Ausstellungser\u00f6ffnung:<br><\/strong>02.12.2011, 18.30 Uhr<\/p>\n\n\n\n<p><strong>Dauer der Ausstellung<\/strong>:<br>02.12.2011 \u2013 14.01.2012<\/p>\n\n\n\n<p><strong>Mehr Informationen<\/strong><br><a href=\"https:\/\/raduart.com\/ro\/contact\/\" class=\"rank-math-link\">Kontakt<\/a><\/p>\n\n<\/div><\/div>\n<\/div><\/div><\/div>\n\n<div class=\"gb-grid-column gb-grid-column-d57ae742\"><div class=\"gb-container gb-container-d57ae742\"><div class=\"gb-inside-container\">\n\n<p><strong>Mit Sorgfalt, langj\u00e4hriger Erfahrung und Professionalit\u00e4t pr\u00e4sentiert Galerie Raduart eine eindrucksvolle thematische Gruppenausstellung in unverwechselbaren Farben und Formen.<\/strong> <\/p>\n\n\n\n<p>Herausgekommen ist eine Symphonie aus einer delikaten, bio-morphologischen Darstellung der Zerbrechlichkeit, eine pflanzliche Choreographie \u2013 oder ein vegetaler verzweifelter Hilferuf \u2013 an uns alle adressiert!<\/p>\n\n\n\n<p>Seitdem Vincent Van Gogh und Claude Monet durch die \u201eTournesols\u201c-Serien dieses Genre endg\u00fcltig salonf\u00e4hig gemacht haben sind Blumen \u2013 beziehungsweise, alles was als \u201ePflanzliches\u201c unter diesem Terminus erw\u00e4hnt werden darf \u2013 fester Bestandteil jeder zeitgen\u00f6ssischen (und zeitgem\u00e4\u00dfen) Ausstellung.<\/p>\n\n\n\n<p>Die Galerie Raduart geht einen Schritt weiter und schafft eine Symbiose aus realistischen und surrealistischen Darstellungen, fest verankert in einer pr\u00e4gnanten chromatischen Quintessenz.<\/p>\n\n\n\n<p>Die ausgestellten Werke werden nicht nur als \u201eLockerungselement\u201c (wie \u00fcblich), zwischen schwerwiegenden Kompositionen, sondern als selbstst\u00e4ndige Atmosph\u00e4re erzeugende Schwellen zu neuen, \u00e4sthetischen Erlebnissen eingesetzt. <\/p>\n\n\n\n<p>Ob bunt, diskret, realistisch oder elit\u00e4r \u2013 die Galerie Raduart wartet mit erlesenen und exquisiten Arbeiten auf. Erleben Sie die Eleganz und die Variet\u00e4t unvergesslicher Blumenwelten.<\/p>\n\n<\/div><\/div><\/div>\n<\/div>\n<\/div><\/div>","protected":false},"excerpt":{"rendered":"","protected":false},"author":1,"featured_media":750,"comment_status":"closed","ping_status":"open","sticky":false,"template":"","format":"standard","meta":{"_acf_changed":false,"pgc_sgb_lightbox_settings":"","footnotes":""},"categories":[30],"tags":[],"class_list":["post-7125","post","type-post","status-publish","format-standard","has-post-thumbnail","hentry","category-expozitii","infinite-scroll-item","masonry-post","generate-columns","tablet-grid-50","mobile-grid-100","grid-parent","grid-33"],"acf":[],"_links":{"self":[{"href":"https:\/\/raduart.com\/ro\/wp-json\/wp\/v2\/posts\/7125","targetHints":{"allow":["GET"]}}],"collection":[{"href":"https:\/\/raduart.com\/ro\/wp-json\/wp\/v2\/posts"}],"about":[{"href":"https:\/\/raduart.com\/ro\/wp-json\/wp\/v2\/types\/post"}],"author":[{"embeddable":true,"href":"https:\/\/raduart.com\/ro\/wp-json\/wp\/v2\/users\/1"}],"replies":[{"embeddable":true,"href":"https:\/\/raduart.com\/ro\/wp-json\/wp\/v2\/comments?post=7125"}],"version-history":[{"count":0,"href":"https:\/\/raduart.com\/ro\/wp-json\/wp\/v2\/posts\/7125\/revisions"}],"wp:featuredmedia":[{"embeddable":true,"href":"https:\/\/raduart.com\/ro\/wp-json\/wp\/v2\/media\/750"}],"wp:attachment":[{"href":"https:\/\/raduart.com\/ro\/wp-json\/wp\/v2\/media?parent=7125"}],"wp:term":[{"taxonomy":"category","embeddable":true,"href":"https:\/\/raduart.com\/ro\/wp-json\/wp\/v2\/categories?post=7125"},{"taxonomy":"post_tag","embeddable":true,"href":"https:\/\/raduart.com\/ro\/wp-json\/wp\/v2\/tags?post=7125"}],"curies":[{"name":"wp","href":"https:\/\/api.w.org\/{rel}","templated":true}]}}