{"id":13152,"date":"2023-01-19T09:34:41","date_gmt":"2023-01-19T08:34:41","guid":{"rendered":"https:\/\/raduart.com\/?p=13152"},"modified":"2023-02-08T14:07:59","modified_gmt":"2023-02-08T13:07:59","slug":"calendar-cu-opere-de-arta-din-creatia-pictorului-radu-anton-maier","status":"publish","type":"post","link":"https:\/\/raduart.com\/ro\/actualitatea-artei\/calendar-cu-opere-de-arta-din-creatia-pictorului-radu-anton-maier\/","title":{"rendered":"Calendar cu opere de art\u0103 din crea\u021bia pictorului Radu-Anton Maier"},"content":{"rendered":"\n<p>Un calendar de art\u0103 de \u00eenalt\u0103 calitate cu crea\u021bii suprarealiste, picturi abstracte, peisaje atmosferice \u0219i crea\u021bii florale. <a href=\"https:\/\/raduart.com\/ro\/opere-de-arta\/calendar-de-arta-2023\/\">Delecta\u021bi-v\u0103 sau delecta\u021bi-i pe cei dragi!<\/a> <a href=\"https:\/\/raduart.com\/ro\/opere-de-arta\/calendar-de-arta-2023\/\">COMAND CALENDAR DE ART\u0102<\/a><\/p>\n","protected":false},"excerpt":{"rendered":"<p>Un calendar de art\u0103 de \u00eenalt\u0103 calitate cu crea\u021bii suprarealiste, picturi abstracte, peisaje atmosferice \u0219i crea\u021bii florale din crea\u021bia artistic\u0103 a pictorului Radu-Anton Maier. Delecta\u021bi-v\u0103 sau delecta\u021bi-i pe cei dragi!<\/p>\n","protected":false},"author":1,"featured_media":13070,"comment_status":"closed","ping_status":"open","sticky":false,"template":"","format":"link","meta":{"_acf_changed":false,"pgc_sgb_lightbox_settings":"","footnotes":""},"categories":[34],"tags":[],"class_list":["post-13152","post","type-post","status-publish","format-link","has-post-thumbnail","hentry","category-actualitatea-artei","post_format-post-format-link","infinite-scroll-item","masonry-post","generate-columns","tablet-grid-50","mobile-grid-100","grid-parent","grid-33"],"acf":[],"_links":{"self":[{"href":"https:\/\/raduart.com\/ro\/wp-json\/wp\/v2\/posts\/13152","targetHints":{"allow":["GET"]}}],"collection":[{"href":"https:\/\/raduart.com\/ro\/wp-json\/wp\/v2\/posts"}],"about":[{"href":"https:\/\/raduart.com\/ro\/wp-json\/wp\/v2\/types\/post"}],"author":[{"embeddable":true,"href":"https:\/\/raduart.com\/ro\/wp-json\/wp\/v2\/users\/1"}],"replies":[{"embeddable":true,"href":"https:\/\/raduart.com\/ro\/wp-json\/wp\/v2\/comments?post=13152"}],"version-history":[{"count":0,"href":"https:\/\/raduart.com\/ro\/wp-json\/wp\/v2\/posts\/13152\/revisions"}],"wp:featuredmedia":[{"embeddable":true,"href":"https:\/\/raduart.com\/ro\/wp-json\/wp\/v2\/media\/13070"}],"wp:attachment":[{"href":"https:\/\/raduart.com\/ro\/wp-json\/wp\/v2\/media?parent=13152"}],"wp:term":[{"taxonomy":"category","embeddable":true,"href":"https:\/\/raduart.com\/ro\/wp-json\/wp\/v2\/categories?post=13152"},{"taxonomy":"post_tag","embeddable":true,"href":"https:\/\/raduart.com\/ro\/wp-json\/wp\/v2\/tags?post=13152"}],"curies":[{"name":"wp","href":"https:\/\/api.w.org\/{rel}","templated":true}]}}