{"id":12101,"date":"2014-05-09T10:00:00","date_gmt":"2014-05-09T08:00:00","guid":{"rendered":"https:\/\/raduart.com\/?p=12101"},"modified":"2024-05-03T16:25:46","modified_gmt":"2024-05-03T14:25:46","slug":"lumi-vizionare-si-metamorfoze-cromatice","status":"publish","type":"post","link":"https:\/\/raduart.com\/ro\/oglinda-presei\/lumi-vizionare-si-metamorfoze-cromatice\/","title":{"rendered":"Lumi vizionare \u015fi metamorfoze cromatice"},"content":{"rendered":"\n<p>Revista Cultura, nr. 466 din 09 mai 2014<\/p>\n\n\n\n<p>Coloane monumentale reduse la contururi periclitate, elemente siderale, structuri montane, suprafe\u0163e \u00een ruin\u0103, copaci \u00eencremeni\u0163i, avalan\u015fe de culoare \u00eentre albastru, verde toxic \u015fi ro\u015fu \u00eens\u00e2ngerat, cordoane ombilicale aruncate peste spa\u0163ii \u00eencremenite \u2013 acestea sunt doar c\u00e2teva dintre laitmotivele principale care domin\u0103 universul pictorului Radu-Anton Maier.<\/p>\n\n\n<div class=\"gb-button-wrapper gb-button-wrapper-6acdc9ca herunterladen\">\n\n<a class=\"gb-button gb-button-4a8048dc gb-button-text\" href=\"https:\/\/revistacultura.ro\/nou\/lumi-vizionare-si-metamorfoze-cromatice-radu-anton-maier-80\/\" target=\"_blank\" rel=\"nofollow noopener noreferrer sponsored\">Cite\u0219te articolul aici:<\/a>\n\n<\/div>","protected":false},"excerpt":{"rendered":"<p>\/\/ Revista Cultura<\/p>\n","protected":false},"author":1,"featured_media":5424,"comment_status":"closed","ping_status":"open","sticky":false,"template":"","format":"standard","meta":{"_acf_changed":false,"pgc_sgb_lightbox_settings":"","footnotes":""},"categories":[32],"tags":[132],"class_list":["post-12101","post","type-post","status-publish","format-standard","has-post-thumbnail","hentry","category-oglinda-presei","tag-revista-cultura","infinite-scroll-item","masonry-post","generate-columns","tablet-grid-50","mobile-grid-100","grid-parent","grid-33"],"acf":[],"_links":{"self":[{"href":"https:\/\/raduart.com\/ro\/wp-json\/wp\/v2\/posts\/12101","targetHints":{"allow":["GET"]}}],"collection":[{"href":"https:\/\/raduart.com\/ro\/wp-json\/wp\/v2\/posts"}],"about":[{"href":"https:\/\/raduart.com\/ro\/wp-json\/wp\/v2\/types\/post"}],"author":[{"embeddable":true,"href":"https:\/\/raduart.com\/ro\/wp-json\/wp\/v2\/users\/1"}],"replies":[{"embeddable":true,"href":"https:\/\/raduart.com\/ro\/wp-json\/wp\/v2\/comments?post=12101"}],"version-history":[{"count":0,"href":"https:\/\/raduart.com\/ro\/wp-json\/wp\/v2\/posts\/12101\/revisions"}],"wp:featuredmedia":[{"embeddable":true,"href":"https:\/\/raduart.com\/ro\/wp-json\/wp\/v2\/media\/5424"}],"wp:attachment":[{"href":"https:\/\/raduart.com\/ro\/wp-json\/wp\/v2\/media?parent=12101"}],"wp:term":[{"taxonomy":"category","embeddable":true,"href":"https:\/\/raduart.com\/ro\/wp-json\/wp\/v2\/categories?post=12101"},{"taxonomy":"post_tag","embeddable":true,"href":"https:\/\/raduart.com\/ro\/wp-json\/wp\/v2\/tags?post=12101"}],"curies":[{"name":"wp","href":"https:\/\/api.w.org\/{rel}","templated":true}]}}