{"id":12083,"date":"2014-08-16T20:04:00","date_gmt":"2014-08-16T18:04:00","guid":{"rendered":"https:\/\/raduart.com\/?p=12083"},"modified":"2023-01-13T22:05:32","modified_gmt":"2023-01-13T21:05:32","slug":"radu-maier-sau-desprelegendele-unor-lumi-posibile","status":"publish","type":"post","link":"https:\/\/raduart.com\/ro\/oglinda-presei\/radu-maier-sau-desprelegendele-unor-lumi-posibile\/","title":{"rendered":"Radu Maier sau despre legendele unor lumi posibile"},"content":{"rendered":"\n<p>TRIBUNA, NR. 287, 16-31 august 2014, de Pavel Chihaia<\/p>\n\n\n<p><embed src=\"https:\/\/raduart.com\/wp-content\/uploads\/Radu-Maier-sau-despre-legendele-unor-lumi-posibile-revista-tribuna-16-31-august-2014.pdf\" type=\"application\/pdf\" width=\"1000\" height=\"900\"><\/p>\n\n\n<div class=\"gb-button-wrapper gb-button-wrapper-6acdc9ca herunterladen\">\n\n<a class=\"gb-button gb-button-4a8048dc gb-button-text\" href=\"\/wp-content\/uploads\/Radu-Maier-sau-despre-legendele-unor-lumi-posibile-revista-tribuna-16-31-august-2014.pdf\" target=\"_blank\" rel=\"nofollow noopener noreferrer sponsored\">Descarc\u0103 documentul PDF<\/a>\n\n<\/div>","protected":false},"excerpt":{"rendered":"<p>\/\/ TRIBUNA<br \/>\n F\u0103r\u0103 a se l\u0103sa sedus de formulele<br \/>\nextravagante ale unor curente ap\u0103rute peste noapte, f\u0103r\u0103 alt\u0103 justificare dec\u00e2t a nostalgiei dup\u0103 scandal \u0219i, implicit, dup\u0103 reclam\u0103, Radu-Anton Maier \u00cenainteaz\u0103 cu perseveren\u021b\u0103 pe propriul s\u0103u drum, pentru a descoperi noi fa\u021bete ale unor tulbur\u0103toare realit\u0103\u021bi posibile.<\/p>\n","protected":false},"author":1,"featured_media":8711,"comment_status":"closed","ping_status":"open","sticky":false,"template":"","format":"standard","meta":{"_acf_changed":false,"pgc_sgb_lightbox_settings":"","footnotes":""},"categories":[32],"tags":[115],"class_list":["post-12083","post","type-post","status-publish","format-standard","has-post-thumbnail","hentry","category-oglinda-presei","tag-revista-tribuna","infinite-scroll-item","masonry-post","generate-columns","tablet-grid-50","mobile-grid-100","grid-parent","grid-33"],"acf":[],"_links":{"self":[{"href":"https:\/\/raduart.com\/ro\/wp-json\/wp\/v2\/posts\/12083","targetHints":{"allow":["GET"]}}],"collection":[{"href":"https:\/\/raduart.com\/ro\/wp-json\/wp\/v2\/posts"}],"about":[{"href":"https:\/\/raduart.com\/ro\/wp-json\/wp\/v2\/types\/post"}],"author":[{"embeddable":true,"href":"https:\/\/raduart.com\/ro\/wp-json\/wp\/v2\/users\/1"}],"replies":[{"embeddable":true,"href":"https:\/\/raduart.com\/ro\/wp-json\/wp\/v2\/comments?post=12083"}],"version-history":[{"count":0,"href":"https:\/\/raduart.com\/ro\/wp-json\/wp\/v2\/posts\/12083\/revisions"}],"wp:featuredmedia":[{"embeddable":true,"href":"https:\/\/raduart.com\/ro\/wp-json\/wp\/v2\/media\/8711"}],"wp:attachment":[{"href":"https:\/\/raduart.com\/ro\/wp-json\/wp\/v2\/media?parent=12083"}],"wp:term":[{"taxonomy":"category","embeddable":true,"href":"https:\/\/raduart.com\/ro\/wp-json\/wp\/v2\/categories?post=12083"},{"taxonomy":"post_tag","embeddable":true,"href":"https:\/\/raduart.com\/ro\/wp-json\/wp\/v2\/tags?post=12083"}],"curies":[{"name":"wp","href":"https:\/\/api.w.org\/{rel}","templated":true}]}}