{"id":12078,"date":"2020-11-16T10:00:00","date_gmt":"2020-11-16T09:00:00","guid":{"rendered":"https:\/\/raduart.com\/?p=12078"},"modified":"2023-01-13T22:05:08","modified_gmt":"2023-01-13T21:05:08","slug":"plastica-pictorul-radu-anton-maier-sau-obsesia-realitatilor-imaginare","status":"publish","type":"post","link":"https:\/\/raduart.com\/ro\/oglinda-presei\/plastica-pictorul-radu-anton-maier-sau-obsesia-realitatilor-imaginare\/","title":{"rendered":"Plastic\u0103: Pictorul Radu-Anton Maier sau obsesia realit\u0103\u021bilor imaginare"},"content":{"rendered":"<div class=\"gb-container gb-container-35061662\"><div class=\"gb-inside-container\">\n\n<div class=\"graph-outline\">\n<object class=\"object-embed-pdf\" data=\"https:\/\/raduart.com\/wp-content\/uploads\/Revista-Tribuna-plastica-despre-pictorul-Radu-Anton-Maier-op.pdf?#view=fitW&amp;scrollbar=0&amp;toolbar=1&amp;navpanes=0\" type=\"application\/pdf\">\n\n<embed src=\"https:\/\/raduart.com\/wp-content\/uploads\/Revista-Tribuna-plastica-despre-pictorul-Radu-Anton-Maier-op.pdf?#zoom=85&amp;scrollbar=0&amp;toolbar=0&amp;navpanes=0\" type=\"application\/pdf\">\n<\/object>\n<\/div>\n\n\n\n<p class=\"gb-headline gb-headline-9a0ed4f3 gb-headline-text\">Surs\u0103: Revista de Cultur\u0103 TRIBUNA, nr. 435, 16-31 octombrie 2020. <a href=\"https:\/\/raduart.com\/wp-content\/uploads\/Revista-Tribuna-plastica-despre-pictorul-Radu-Anton-Maier-op.pdf\" data-type=\"post\" data-id=\"12069\">Descarc\u0103 documentul PDF<\/a>.<\/p>\n\n<\/div><\/div>","protected":false},"excerpt":{"rendered":"<p>\/\/ TRIBUNA<br \/>\nOpera artistic\u0103 a maestrului oglindirilor \u2013 extins\u0103 pe o perioad\u0103 de cel pu\u021bin \u0219ase decenii \u2013 reflect\u0103 diverse formule stilistice a c\u0103ror intercalare genereaz\u0103 suprapunerea \u0219i al\u0103turarea sublimelor spa\u021bii onirice \u00een permanent\u0103 interferen\u021b\u0103. <\/p>\n","protected":false},"author":1,"featured_media":8313,"comment_status":"closed","ping_status":"open","sticky":false,"template":"","format":"standard","meta":{"_acf_changed":false,"pgc_sgb_lightbox_settings":"","footnotes":""},"categories":[32],"tags":[115],"class_list":["post-12078","post","type-post","status-publish","format-standard","has-post-thumbnail","hentry","category-oglinda-presei","tag-revista-tribuna","infinite-scroll-item","masonry-post","generate-columns","tablet-grid-50","mobile-grid-100","grid-parent","grid-33"],"acf":[],"_links":{"self":[{"href":"https:\/\/raduart.com\/ro\/wp-json\/wp\/v2\/posts\/12078","targetHints":{"allow":["GET"]}}],"collection":[{"href":"https:\/\/raduart.com\/ro\/wp-json\/wp\/v2\/posts"}],"about":[{"href":"https:\/\/raduart.com\/ro\/wp-json\/wp\/v2\/types\/post"}],"author":[{"embeddable":true,"href":"https:\/\/raduart.com\/ro\/wp-json\/wp\/v2\/users\/1"}],"replies":[{"embeddable":true,"href":"https:\/\/raduart.com\/ro\/wp-json\/wp\/v2\/comments?post=12078"}],"version-history":[{"count":0,"href":"https:\/\/raduart.com\/ro\/wp-json\/wp\/v2\/posts\/12078\/revisions"}],"wp:featuredmedia":[{"embeddable":true,"href":"https:\/\/raduart.com\/ro\/wp-json\/wp\/v2\/media\/8313"}],"wp:attachment":[{"href":"https:\/\/raduart.com\/ro\/wp-json\/wp\/v2\/media?parent=12078"}],"wp:term":[{"taxonomy":"category","embeddable":true,"href":"https:\/\/raduart.com\/ro\/wp-json\/wp\/v2\/categories?post=12078"},{"taxonomy":"post_tag","embeddable":true,"href":"https:\/\/raduart.com\/ro\/wp-json\/wp\/v2\/tags?post=12078"}],"curies":[{"name":"wp","href":"https:\/\/api.w.org\/{rel}","templated":true}]}}