{"id":12069,"date":"2020-10-16T10:00:00","date_gmt":"2020-10-16T08:00:00","guid":{"rendered":"https:\/\/raduart.com\/?p=12069"},"modified":"2023-01-13T22:05:20","modified_gmt":"2023-01-13T21:05:20","slug":"interviu-ani-bradea-in-dialog-cu-radu-anton-maier","status":"publish","type":"post","link":"https:\/\/raduart.com\/ro\/oglinda-presei\/interviu-ani-bradea-in-dialog-cu-radu-anton-maier\/","title":{"rendered":"Interviu: Ani Bradea \u00een dialog cu Radu-Anton Maier"},"content":{"rendered":"<div class=\"gb-container gb-container-35061662\"><div class=\"gb-inside-container\">\n\n<div class=\"graph-outline\">\n<object class=\"object-embed-pdf\" data=\"https:\/\/raduart.com\/wp-content\/uploads\/Revista-Tribuna-interviu-cu-pictorul-Radu-Anton-Maier-op.pdf?#view=fitW&amp;scrollbar=0&amp;toolbar=1&amp;navpanes=0\" type=\"application\/pdf\">\n\n<embed src=\"https:\/\/raduart.com\/wp-content\/uploads\/Revista-Tribuna-interviu-cu-pictorul-Radu-Anton-Maier-op.pdf?#zoom=85&amp;scrollbar=0&amp;toolbar=0&amp;navpanes=0\" type=\"application\/pdf\">\n<\/object>\n<\/div>\n\n\n\n<p class=\"gb-headline gb-headline-9a0ed4f3 gb-headline-text\">Surs\u0103: Revista de Cultur\u0103 TRIBUNA, nr. 435, 16-31 octombrie 2020. <a href=\"https:\/\/raduart.com\/ro\/oglinda-presei\/interviu-ani-bradea-in-dialog-cu-radu-anton-maier\/\" data-type=\"post\" data-id=\"12069\">Descarc\u0103 documentul PDF<\/a>.<\/p>\n\n<\/div><\/div>","protected":false},"excerpt":{"rendered":"<p>\/\/ TRIBUNA<br \/>\nUn interviu edificator, realizat \u0219i moderat cu iscusin\u021b\u0103 de c\u0103tre Ani Bradea, \u00een cadrul proiectului &#8222;Rom\u00e2nia si oamenii s\u0103i din lume&#8221;. <\/p>\n","protected":false},"author":1,"featured_media":8300,"comment_status":"closed","ping_status":"open","sticky":false,"template":"","format":"standard","meta":{"_acf_changed":false,"pgc_sgb_lightbox_settings":"","footnotes":""},"categories":[32,26],"tags":[115],"class_list":["post-12069","post","type-post","status-publish","format-standard","has-post-thumbnail","hentry","category-oglinda-presei","category-interviuri","tag-revista-tribuna","infinite-scroll-item","masonry-post","generate-columns","tablet-grid-50","mobile-grid-100","grid-parent","grid-33"],"acf":[],"_links":{"self":[{"href":"https:\/\/raduart.com\/ro\/wp-json\/wp\/v2\/posts\/12069","targetHints":{"allow":["GET"]}}],"collection":[{"href":"https:\/\/raduart.com\/ro\/wp-json\/wp\/v2\/posts"}],"about":[{"href":"https:\/\/raduart.com\/ro\/wp-json\/wp\/v2\/types\/post"}],"author":[{"embeddable":true,"href":"https:\/\/raduart.com\/ro\/wp-json\/wp\/v2\/users\/1"}],"replies":[{"embeddable":true,"href":"https:\/\/raduart.com\/ro\/wp-json\/wp\/v2\/comments?post=12069"}],"version-history":[{"count":0,"href":"https:\/\/raduart.com\/ro\/wp-json\/wp\/v2\/posts\/12069\/revisions"}],"wp:featuredmedia":[{"embeddable":true,"href":"https:\/\/raduart.com\/ro\/wp-json\/wp\/v2\/media\/8300"}],"wp:attachment":[{"href":"https:\/\/raduart.com\/ro\/wp-json\/wp\/v2\/media?parent=12069"}],"wp:term":[{"taxonomy":"category","embeddable":true,"href":"https:\/\/raduart.com\/ro\/wp-json\/wp\/v2\/categories?post=12069"},{"taxonomy":"post_tag","embeddable":true,"href":"https:\/\/raduart.com\/ro\/wp-json\/wp\/v2\/tags?post=12069"}],"curies":[{"name":"wp","href":"https:\/\/api.w.org\/{rel}","templated":true}]}}